{"id":648,"date":"2024-10-31T19:02:52","date_gmt":"2024-10-31T19:02:52","guid":{"rendered":"https:\/\/envima.es\/?p=648"},"modified":"2024-10-31T19:03:01","modified_gmt":"2024-10-31T19:03:01","slug":"dificio-aislado-con-42-viviendas-publicas","status":"publish","type":"post","link":"https:\/\/envima.es\/fr\/dificio-aislado-con-42-viviendas-publicas\/","title":{"rendered":"B\u00c2TIMENT IND\u00c9PENDANT COMPRENANT 42 LOGEMENTS SOCIAUX"},"content":{"rendered":"<p>CONSTRUCTION D'UN B\u00c2TIMENT IND\u00c9PENDANT COMPRENANT 42 LOGEMENTS SOCIAUX DESTIN\u00c9S \u00c0 \u00caTRE LOU\u00c9S \u00c0 DES JEUNES<\/p>\n\n\n\n<p>Montcada - Barcelone<\/p>\n\n\n\n<div class=\"wp-block-columns is-layout-flex wp-container-core-columns-is-layout-1 wp-block-columns-is-layout-flex\">\n<div class=\"wp-block-column is-layout-flow wp-block-column-is-layout-flow\">\n<figure class=\"wp-block-table alignfull is-style-stripes has-medium-font-size\"><table class=\"has-fixed-layout\"><tbody><tr><td><strong>Promoteur<\/strong><\/td><td><\/td><td><br>INCAS\u00d2L, S.L.<\/td><\/tr><tr><td><strong>Gestion du site<\/strong><\/td><td><\/td><td>Rold\u00e1n + Berengu\u00e9 Arquitectes, Enric Vijande Majem<\/td><\/tr><tr><td><strong>Entrepreneur<\/strong><\/td><td><\/td><td>CONSTRUCCIONES CALER, S.A.<\/td><\/tr><tr><td><strong>Budget<\/strong><\/td><td><\/td><td>2.931.000 \u20ac<\/td><\/tr><tr><td><strong>Zone b\u00e2tie<\/strong><\/td><td><\/td><td>3. 315 m 2<\/td><\/tr><tr><td><strong>Accueil<\/strong> <\/td><td><\/td><td>MARS 2007<\/td><\/tr><tr><td><strong>Date limite<\/strong><\/td><td><\/td><td>20 mois<\/td><\/tr><\/tbody><\/table><\/figure>\n<\/div>\n<\/div>\n\n\n\n<figure class=\"wp-block-gallery has-nested-images columns-default is-cropped wp-block-gallery-1 is-layout-flex wp-block-gallery-is-layout-flex\">\n<figure class=\"wp-block-image size-full\"><img loading=\"lazy\" decoding=\"async\" width=\"586\" height=\"439\" data-id=\"649\" src=\"https:\/\/envima.es\/wp-content\/uploads\/2024\/10\/787ae9ec9023a82f5aa7e4c1a64f73cb_XL.jpg\" alt=\"\" class=\"wp-image-649\" srcset=\"https:\/\/envima.es\/wp-content\/uploads\/2024\/10\/787ae9ec9023a82f5aa7e4c1a64f73cb_XL.jpg 586w, https:\/\/envima.es\/wp-content\/uploads\/2024\/10\/787ae9ec9023a82f5aa7e4c1a64f73cb_XL-300x225.jpg 300w\" sizes=\"auto, (max-width: 586px) 100vw, 586px\" \/><\/figure>\n<\/figure>\n\n\n\n<p><\/p>","protected":false},"excerpt":{"rendered":"<p>CONSTRUCTION D'UN IMMEUBLE ISOL\u00c9 DE 42 LOGEMENTS PUBLICS LOCATIFS POUR JEUNES Montcada - Barcelone Promoteur INCAS\u00d2L, S.L. Direction des travaux Rold\u00e1n + Berengu\u00e9 Arquitectes, Enric Vijande Majem Entrepreneur CONSTRUCCIONES CALER, S.A. Budget 2.931.000 \u20ac Surface construite 3. 315 m 2 D\u00e9marrage MARS 2007 D\u00e9lai 20 mois<\/p>","protected":false},"author":1,"featured_media":649,"comment_status":"open","ping_status":"open","sticky":false,"template":"","format":"standard","meta":{"neve_meta_sidebar":"","neve_meta_container":"","neve_meta_enable_content_width":"","neve_meta_content_width":0,"neve_meta_title_alignment":"","neve_meta_author_avatar":"","neve_post_elements_order":"","neve_meta_disable_header":"","neve_meta_disable_footer":"","neve_meta_disable_title":"","footnotes":""},"categories":[10],"tags":[],"class_list":["post-648","post","type-post","status-publish","format-standard","has-post-thumbnail","hentry","category-edificios-plurifamiliares"],"_links":{"self":[{"href":"https:\/\/envima.es\/fr\/wp-json\/wp\/v2\/posts\/648","targetHints":{"allow":["GET"]}}],"collection":[{"href":"https:\/\/envima.es\/fr\/wp-json\/wp\/v2\/posts"}],"about":[{"href":"https:\/\/envima.es\/fr\/wp-json\/wp\/v2\/types\/post"}],"author":[{"embeddable":true,"href":"https:\/\/envima.es\/fr\/wp-json\/wp\/v2\/users\/1"}],"replies":[{"embeddable":true,"href":"https:\/\/envima.es\/fr\/wp-json\/wp\/v2\/comments?post=648"}],"version-history":[{"count":2,"href":"https:\/\/envima.es\/fr\/wp-json\/wp\/v2\/posts\/648\/revisions"}],"predecessor-version":[{"id":651,"href":"https:\/\/envima.es\/fr\/wp-json\/wp\/v2\/posts\/648\/revisions\/651"}],"wp:featuredmedia":[{"embeddable":true,"href":"https:\/\/envima.es\/fr\/wp-json\/wp\/v2\/media\/649"}],"wp:attachment":[{"href":"https:\/\/envima.es\/fr\/wp-json\/wp\/v2\/media?parent=648"}],"wp:term":[{"taxonomy":"category","embeddable":true,"href":"https:\/\/envima.es\/fr\/wp-json\/wp\/v2\/categories?post=648"},{"taxonomy":"post_tag","embeddable":true,"href":"https:\/\/envima.es\/fr\/wp-json\/wp\/v2\/tags?post=648"}],"curies":[{"name":"wp","href":"https:\/\/api.w.org\/{rel}","templated":true}]}}